{"id":23168,"count":1,"description":"","link":"https:\/\/blogdoedvaldomagalhaes.com.br\/index.php\/tag\/compesa-inicia-estudos-para-construcao-de-estacao-elevatoria-para-atender-vilas-do-3-distrito-em-caruaru\/","name":"Compesa inicia estudos para constru\u00e7\u00e3o de esta\u00e7\u00e3o elevat\u00f3ria para atender Vilas do 3\u00b0 Distrito em Caruaru","slug":"compesa-inicia-estudos-para-construcao-de-estacao-elevatoria-para-atender-vilas-do-3-distrito-em-caruaru","taxonomy":"post_tag","meta":[],"_links":{"self":[{"href":"https:\/\/blogdoedvaldomagalhaes.com.br\/index.php\/wp-json\/wp\/v2\/tags\/23168","targetHints":{"allow":["GET"]}}],"collection":[{"href":"https:\/\/blogdoedvaldomagalhaes.com.br\/index.php\/wp-json\/wp\/v2\/tags"}],"about":[{"href":"https:\/\/blogdoedvaldomagalhaes.com.br\/index.php\/wp-json\/wp\/v2\/taxonomies\/post_tag"}],"wp:post_type":[{"href":"https:\/\/blogdoedvaldomagalhaes.com.br\/index.php\/wp-json\/wp\/v2\/posts?tags=23168"}],"curies":[{"name":"wp","href":"https:\/\/api.w.org\/{rel}","templated":true}]}}