{"id":23164,"count":1,"description":"","link":"https:\/\/blogdoedvaldomagalhaes.com.br\/index.php\/tag\/apos-caso-de-grande-repercussao-anderson-correia-reforca-a-importancia-de-denunciar-maus-tratos-aos-animais\/","name":"Ap\u00f3s caso de grande repercuss\u00e3o Anderson Correia refor\u00e7a a import\u00e2ncia de denunciar maus-tratos aos animais","slug":"apos-caso-de-grande-repercussao-anderson-correia-reforca-a-importancia-de-denunciar-maus-tratos-aos-animais","taxonomy":"post_tag","meta":[],"_links":{"self":[{"href":"https:\/\/blogdoedvaldomagalhaes.com.br\/index.php\/wp-json\/wp\/v2\/tags\/23164","targetHints":{"allow":["GET"]}}],"collection":[{"href":"https:\/\/blogdoedvaldomagalhaes.com.br\/index.php\/wp-json\/wp\/v2\/tags"}],"about":[{"href":"https:\/\/blogdoedvaldomagalhaes.com.br\/index.php\/wp-json\/wp\/v2\/taxonomies\/post_tag"}],"wp:post_type":[{"href":"https:\/\/blogdoedvaldomagalhaes.com.br\/index.php\/wp-json\/wp\/v2\/posts?tags=23164"}],"curies":[{"name":"wp","href":"https:\/\/api.w.org\/{rel}","templated":true}]}}