{"id":23039,"count":1,"description":"","link":"https:\/\/blogdoedvaldomagalhaes.com.br\/index.php\/tag\/liberacao-do-uso-de-mascaras-em-pernambuco-so-sera-possivel-com-80-da-populacao-vacinada\/","name":"Libera\u00e7\u00e3o do uso de m\u00e1scaras em Pernambuco s\u00f3 ser\u00e1 poss\u00edvel com 80% da popula\u00e7\u00e3o vacinada","slug":"liberacao-do-uso-de-mascaras-em-pernambuco-so-sera-possivel-com-80-da-populacao-vacinada","taxonomy":"post_tag","meta":[],"_links":{"self":[{"href":"https:\/\/blogdoedvaldomagalhaes.com.br\/index.php\/wp-json\/wp\/v2\/tags\/23039","targetHints":{"allow":["GET"]}}],"collection":[{"href":"https:\/\/blogdoedvaldomagalhaes.com.br\/index.php\/wp-json\/wp\/v2\/tags"}],"about":[{"href":"https:\/\/blogdoedvaldomagalhaes.com.br\/index.php\/wp-json\/wp\/v2\/taxonomies\/post_tag"}],"wp:post_type":[{"href":"https:\/\/blogdoedvaldomagalhaes.com.br\/index.php\/wp-json\/wp\/v2\/posts?tags=23039"}],"curies":[{"name":"wp","href":"https:\/\/api.w.org\/{rel}","templated":true}]}}