{"id":22999,"count":1,"description":"","link":"https:\/\/blogdoedvaldomagalhaes.com.br\/index.php\/tag\/caruaru-da-inicio-a-vacinacao-de-trabalhadores-da-saude-e-idosos-com-60-anos-ou-mais\/","name":"Caruaru d\u00e1 in\u00edcio \u00e0 vacina\u00e7\u00e3o de trabalhadores da sa\u00fade e idosos com 60 anos ou mais","slug":"caruaru-da-inicio-a-vacinacao-de-trabalhadores-da-saude-e-idosos-com-60-anos-ou-mais","taxonomy":"post_tag","meta":[],"_links":{"self":[{"href":"https:\/\/blogdoedvaldomagalhaes.com.br\/index.php\/wp-json\/wp\/v2\/tags\/22999","targetHints":{"allow":["GET"]}}],"collection":[{"href":"https:\/\/blogdoedvaldomagalhaes.com.br\/index.php\/wp-json\/wp\/v2\/tags"}],"about":[{"href":"https:\/\/blogdoedvaldomagalhaes.com.br\/index.php\/wp-json\/wp\/v2\/taxonomies\/post_tag"}],"wp:post_type":[{"href":"https:\/\/blogdoedvaldomagalhaes.com.br\/index.php\/wp-json\/wp\/v2\/posts?tags=22999"}],"curies":[{"name":"wp","href":"https:\/\/api.w.org\/{rel}","templated":true}]}}