{"id":22914,"count":1,"description":"","link":"https:\/\/blogdoedvaldomagalhaes.com.br\/index.php\/tag\/em-ato-de-filiacao-miguel-coelho-reune-33-prefeitos-e-pede-uniao-pela-mudanca-em-pernambuco\/","name":"Em ato de filia\u00e7\u00e3o Miguel Coelho re\u00fane 33 prefeitos e pede uni\u00e3o pela mudan\u00e7a em Pernambuco","slug":"em-ato-de-filiacao-miguel-coelho-reune-33-prefeitos-e-pede-uniao-pela-mudanca-em-pernambuco","taxonomy":"post_tag","meta":[],"_links":{"self":[{"href":"https:\/\/blogdoedvaldomagalhaes.com.br\/index.php\/wp-json\/wp\/v2\/tags\/22914","targetHints":{"allow":["GET"]}}],"collection":[{"href":"https:\/\/blogdoedvaldomagalhaes.com.br\/index.php\/wp-json\/wp\/v2\/tags"}],"about":[{"href":"https:\/\/blogdoedvaldomagalhaes.com.br\/index.php\/wp-json\/wp\/v2\/taxonomies\/post_tag"}],"wp:post_type":[{"href":"https:\/\/blogdoedvaldomagalhaes.com.br\/index.php\/wp-json\/wp\/v2\/posts?tags=22914"}],"curies":[{"name":"wp","href":"https:\/\/api.w.org\/{rel}","templated":true}]}}