{"id":22913,"count":1,"description":"","link":"https:\/\/blogdoedvaldomagalhaes.com.br\/index.php\/tag\/pernambuco-recebeu-mais-de-221-mil-doses-de-vacina-para-reforcar-o-dia-d-de-mobilizacao\/","name":"Pernambuco recebeu mais de 221 mil doses de vacina para refor\u00e7ar o Dia D de mobiliza\u00e7\u00e3o","slug":"pernambuco-recebeu-mais-de-221-mil-doses-de-vacina-para-reforcar-o-dia-d-de-mobilizacao","taxonomy":"post_tag","meta":[],"_links":{"self":[{"href":"https:\/\/blogdoedvaldomagalhaes.com.br\/index.php\/wp-json\/wp\/v2\/tags\/22913","targetHints":{"allow":["GET"]}}],"collection":[{"href":"https:\/\/blogdoedvaldomagalhaes.com.br\/index.php\/wp-json\/wp\/v2\/tags"}],"about":[{"href":"https:\/\/blogdoedvaldomagalhaes.com.br\/index.php\/wp-json\/wp\/v2\/taxonomies\/post_tag"}],"wp:post_type":[{"href":"https:\/\/blogdoedvaldomagalhaes.com.br\/index.php\/wp-json\/wp\/v2\/posts?tags=22913"}],"curies":[{"name":"wp","href":"https:\/\/api.w.org\/{rel}","templated":true}]}}