{"id":22853,"count":1,"description":"","link":"https:\/\/blogdoedvaldomagalhaes.com.br\/index.php\/tag\/atletas-caruaruenses-sao-medalhistas-no-campeonato-brasileiro-de-karate-e-garantem-vaga-para-a-selecao-estadual-em-2022\/","name":"Atletas caruaruenses s\u00e3o medalhistas no Campeonato Brasileiro de Karat\u00ea e garantem vaga para a sele\u00e7\u00e3o estadual em 2022","slug":"atletas-caruaruenses-sao-medalhistas-no-campeonato-brasileiro-de-karate-e-garantem-vaga-para-a-selecao-estadual-em-2022","taxonomy":"post_tag","meta":[],"_links":{"self":[{"href":"https:\/\/blogdoedvaldomagalhaes.com.br\/index.php\/wp-json\/wp\/v2\/tags\/22853","targetHints":{"allow":["GET"]}}],"collection":[{"href":"https:\/\/blogdoedvaldomagalhaes.com.br\/index.php\/wp-json\/wp\/v2\/tags"}],"about":[{"href":"https:\/\/blogdoedvaldomagalhaes.com.br\/index.php\/wp-json\/wp\/v2\/taxonomies\/post_tag"}],"wp:post_type":[{"href":"https:\/\/blogdoedvaldomagalhaes.com.br\/index.php\/wp-json\/wp\/v2\/posts?tags=22853"}],"curies":[{"name":"wp","href":"https:\/\/api.w.org\/{rel}","templated":true}]}}