{"id":22839,"count":1,"description":"","link":"https:\/\/blogdoedvaldomagalhaes.com.br\/index.php\/tag\/dois-motoristas-morrem-apos-colisao-frontal-entre-carro-e-onibus-na-br-232-no-agreste-pe\/","name":"Dois motoristas morrem ap\u00f3s colis\u00e3o frontal entre carro e \u00f4nibus na BR 232 no Agreste-PE","slug":"dois-motoristas-morrem-apos-colisao-frontal-entre-carro-e-onibus-na-br-232-no-agreste-pe","taxonomy":"post_tag","meta":[],"_links":{"self":[{"href":"https:\/\/blogdoedvaldomagalhaes.com.br\/index.php\/wp-json\/wp\/v2\/tags\/22839","targetHints":{"allow":["GET"]}}],"collection":[{"href":"https:\/\/blogdoedvaldomagalhaes.com.br\/index.php\/wp-json\/wp\/v2\/tags"}],"about":[{"href":"https:\/\/blogdoedvaldomagalhaes.com.br\/index.php\/wp-json\/wp\/v2\/taxonomies\/post_tag"}],"wp:post_type":[{"href":"https:\/\/blogdoedvaldomagalhaes.com.br\/index.php\/wp-json\/wp\/v2\/posts?tags=22839"}],"curies":[{"name":"wp","href":"https:\/\/api.w.org\/{rel}","templated":true}]}}