{"id":22835,"count":1,"description":"","link":"https:\/\/blogdoedvaldomagalhaes.com.br\/index.php\/tag\/brecho-solidario-da-paroquia-nossa-senhora-das-gracas-em-caruaru-neste-domingo-19\/","name":"Brech\u00f3 Solid\u00e1rio da Par\u00f3quia Nossa Senhora das Gra\u00e7as em Caruaru neste domingo (19)","slug":"brecho-solidario-da-paroquia-nossa-senhora-das-gracas-em-caruaru-neste-domingo-19","taxonomy":"post_tag","meta":[],"_links":{"self":[{"href":"https:\/\/blogdoedvaldomagalhaes.com.br\/index.php\/wp-json\/wp\/v2\/tags\/22835","targetHints":{"allow":["GET"]}}],"collection":[{"href":"https:\/\/blogdoedvaldomagalhaes.com.br\/index.php\/wp-json\/wp\/v2\/tags"}],"about":[{"href":"https:\/\/blogdoedvaldomagalhaes.com.br\/index.php\/wp-json\/wp\/v2\/taxonomies\/post_tag"}],"wp:post_type":[{"href":"https:\/\/blogdoedvaldomagalhaes.com.br\/index.php\/wp-json\/wp\/v2\/posts?tags=22835"}],"curies":[{"name":"wp","href":"https:\/\/api.w.org\/{rel}","templated":true}]}}