{"id":22822,"count":1,"description":"","link":"https:\/\/blogdoedvaldomagalhaes.com.br\/index.php\/tag\/pl-do-vereador-irmao-ronaldo-pede-programa-de-atendimento-psicologico-as-vitimas-de-alienacao-parental-em-caruaru\/","name":"PL do vereador Irm\u00e3o Ronaldo pede Programa de Atendimento Psicol\u00f3gico \u00e0s V\u00edtimas de Aliena\u00e7\u00e3o Parental em Caruaru","slug":"pl-do-vereador-irmao-ronaldo-pede-programa-de-atendimento-psicologico-as-vitimas-de-alienacao-parental-em-caruaru","taxonomy":"post_tag","meta":[],"_links":{"self":[{"href":"https:\/\/blogdoedvaldomagalhaes.com.br\/index.php\/wp-json\/wp\/v2\/tags\/22822","targetHints":{"allow":["GET"]}}],"collection":[{"href":"https:\/\/blogdoedvaldomagalhaes.com.br\/index.php\/wp-json\/wp\/v2\/tags"}],"about":[{"href":"https:\/\/blogdoedvaldomagalhaes.com.br\/index.php\/wp-json\/wp\/v2\/taxonomies\/post_tag"}],"wp:post_type":[{"href":"https:\/\/blogdoedvaldomagalhaes.com.br\/index.php\/wp-json\/wp\/v2\/posts?tags=22822"}],"curies":[{"name":"wp","href":"https:\/\/api.w.org\/{rel}","templated":true}]}}