{"id":22818,"count":1,"description":"","link":"https:\/\/blogdoedvaldomagalhaes.com.br\/index.php\/tag\/raquel-lyra-lanca-o-programa-tempo-certo-para-reduzir-prejuizos-da-educacao-na-pandemia\/","name":"Raquel Lyra lan\u00e7a o programa Tempo Certo para reduzir preju\u00edzos da educa\u00e7\u00e3o na pandemia","slug":"raquel-lyra-lanca-o-programa-tempo-certo-para-reduzir-prejuizos-da-educacao-na-pandemia","taxonomy":"post_tag","meta":[],"_links":{"self":[{"href":"https:\/\/blogdoedvaldomagalhaes.com.br\/index.php\/wp-json\/wp\/v2\/tags\/22818","targetHints":{"allow":["GET"]}}],"collection":[{"href":"https:\/\/blogdoedvaldomagalhaes.com.br\/index.php\/wp-json\/wp\/v2\/tags"}],"about":[{"href":"https:\/\/blogdoedvaldomagalhaes.com.br\/index.php\/wp-json\/wp\/v2\/taxonomies\/post_tag"}],"wp:post_type":[{"href":"https:\/\/blogdoedvaldomagalhaes.com.br\/index.php\/wp-json\/wp\/v2\/posts?tags=22818"}],"curies":[{"name":"wp","href":"https:\/\/api.w.org\/{rel}","templated":true}]}}