{"id":22778,"count":1,"description":"","link":"https:\/\/blogdoedvaldomagalhaes.com.br\/index.php\/tag\/hmv-promove-acoes-em-celebracao-ao-setembro-verde-durante-tres-dias-e-em-tres-locais\/","name":"HMV promove a\u00e7\u00f5es em celebra\u00e7\u00e3o ao Setembro Verde durante tr\u00eas dias e em tr\u00eas locais","slug":"hmv-promove-acoes-em-celebracao-ao-setembro-verde-durante-tres-dias-e-em-tres-locais","taxonomy":"post_tag","meta":[],"_links":{"self":[{"href":"https:\/\/blogdoedvaldomagalhaes.com.br\/index.php\/wp-json\/wp\/v2\/tags\/22778","targetHints":{"allow":["GET"]}}],"collection":[{"href":"https:\/\/blogdoedvaldomagalhaes.com.br\/index.php\/wp-json\/wp\/v2\/tags"}],"about":[{"href":"https:\/\/blogdoedvaldomagalhaes.com.br\/index.php\/wp-json\/wp\/v2\/taxonomies\/post_tag"}],"wp:post_type":[{"href":"https:\/\/blogdoedvaldomagalhaes.com.br\/index.php\/wp-json\/wp\/v2\/posts?tags=22778"}],"curies":[{"name":"wp","href":"https:\/\/api.w.org\/{rel}","templated":true}]}}