{"id":22774,"count":1,"description":"","link":"https:\/\/blogdoedvaldomagalhaes.com.br\/index.php\/tag\/vereador-irmao-ronaldo-se-reune-com-secretario-ytalo-farias-e-faz-varias-reivindicacoes\/","name":"Vereador Irm\u00e3o Ronaldo se re\u00fane com secret\u00e1rio Ytalo Farias e faz v\u00e1rias reivindica\u00e7\u00f5es","slug":"vereador-irmao-ronaldo-se-reune-com-secretario-ytalo-farias-e-faz-varias-reivindicacoes","taxonomy":"post_tag","meta":[],"_links":{"self":[{"href":"https:\/\/blogdoedvaldomagalhaes.com.br\/index.php\/wp-json\/wp\/v2\/tags\/22774","targetHints":{"allow":["GET"]}}],"collection":[{"href":"https:\/\/blogdoedvaldomagalhaes.com.br\/index.php\/wp-json\/wp\/v2\/tags"}],"about":[{"href":"https:\/\/blogdoedvaldomagalhaes.com.br\/index.php\/wp-json\/wp\/v2\/taxonomies\/post_tag"}],"wp:post_type":[{"href":"https:\/\/blogdoedvaldomagalhaes.com.br\/index.php\/wp-json\/wp\/v2\/posts?tags=22774"}],"curies":[{"name":"wp","href":"https:\/\/api.w.org\/{rel}","templated":true}]}}