{"id":22773,"count":1,"description":"","link":"https:\/\/blogdoedvaldomagalhaes.com.br\/index.php\/tag\/presidente-da-associacao-dos-sulanqueiros-de-caruaru-aprova-mudanca-no-estacionamento-da-viuva\/","name":"Presidente da associa\u00e7\u00e3o dos Sulanqueiros de Caruaru aprova mudan\u00e7a no estacionamento da &quot;Vi\u00fava&quot;","slug":"presidente-da-associacao-dos-sulanqueiros-de-caruaru-aprova-mudanca-no-estacionamento-da-viuva","taxonomy":"post_tag","meta":[],"_links":{"self":[{"href":"https:\/\/blogdoedvaldomagalhaes.com.br\/index.php\/wp-json\/wp\/v2\/tags\/22773","targetHints":{"allow":["GET"]}}],"collection":[{"href":"https:\/\/blogdoedvaldomagalhaes.com.br\/index.php\/wp-json\/wp\/v2\/tags"}],"about":[{"href":"https:\/\/blogdoedvaldomagalhaes.com.br\/index.php\/wp-json\/wp\/v2\/taxonomies\/post_tag"}],"wp:post_type":[{"href":"https:\/\/blogdoedvaldomagalhaes.com.br\/index.php\/wp-json\/wp\/v2\/posts?tags=22773"}],"curies":[{"name":"wp","href":"https:\/\/api.w.org\/{rel}","templated":true}]}}