{"id":22753,"count":1,"description":"","link":"https:\/\/blogdoedvaldomagalhaes.com.br\/index.php\/tag\/secretaria-de-educacao-faz-ajuste-no-calendario-de-retorno-das-aulas-presenciais-com-nova-programacao\/","name":"Secretaria de Educa\u00e7\u00e3o faz ajuste no calend\u00e1rio de retorno das aulas presenciais com nova programa\u00e7\u00e3o","slug":"secretaria-de-educacao-faz-ajuste-no-calendario-de-retorno-das-aulas-presenciais-com-nova-programacao","taxonomy":"post_tag","meta":[],"_links":{"self":[{"href":"https:\/\/blogdoedvaldomagalhaes.com.br\/index.php\/wp-json\/wp\/v2\/tags\/22753","targetHints":{"allow":["GET"]}}],"collection":[{"href":"https:\/\/blogdoedvaldomagalhaes.com.br\/index.php\/wp-json\/wp\/v2\/tags"}],"about":[{"href":"https:\/\/blogdoedvaldomagalhaes.com.br\/index.php\/wp-json\/wp\/v2\/taxonomies\/post_tag"}],"wp:post_type":[{"href":"https:\/\/blogdoedvaldomagalhaes.com.br\/index.php\/wp-json\/wp\/v2\/posts?tags=22753"}],"curies":[{"name":"wp","href":"https:\/\/api.w.org\/{rel}","templated":true}]}}