{"id":22737,"count":1,"description":"","link":"https:\/\/blogdoedvaldomagalhaes.com.br\/index.php\/tag\/caruaru-inicia-a-imunizacao-contra-covid-19-para-o-publico-em-geral-acima-de-17-anos\/","name":"Caruaru inicia \u00e0 imuniza\u00e7\u00e3o contra covid-19 para o p\u00fablico em geral acima de 17 anos","slug":"caruaru-inicia-a-imunizacao-contra-covid-19-para-o-publico-em-geral-acima-de-17-anos","taxonomy":"post_tag","meta":[],"_links":{"self":[{"href":"https:\/\/blogdoedvaldomagalhaes.com.br\/index.php\/wp-json\/wp\/v2\/tags\/22737","targetHints":{"allow":["GET"]}}],"collection":[{"href":"https:\/\/blogdoedvaldomagalhaes.com.br\/index.php\/wp-json\/wp\/v2\/tags"}],"about":[{"href":"https:\/\/blogdoedvaldomagalhaes.com.br\/index.php\/wp-json\/wp\/v2\/taxonomies\/post_tag"}],"wp:post_type":[{"href":"https:\/\/blogdoedvaldomagalhaes.com.br\/index.php\/wp-json\/wp\/v2\/posts?tags=22737"}],"curies":[{"name":"wp","href":"https:\/\/api.w.org\/{rel}","templated":true}]}}