{"id":22712,"count":1,"description":"","link":"https:\/\/blogdoedvaldomagalhaes.com.br\/index.php\/tag\/mppe-recomenda-a-pmpe-observancia-estrita-do-eventual-uso-da-forca-durante-as-manifestacoes-de-7-de-setembro\/","name":"MPPE recomenda \u00e0 PMPE observ\u00e2ncia estrita do eventual uso da for\u00e7a durante as manifesta\u00e7\u00f5es de 7 de setembro","slug":"mppe-recomenda-a-pmpe-observancia-estrita-do-eventual-uso-da-forca-durante-as-manifestacoes-de-7-de-setembro","taxonomy":"post_tag","meta":[],"_links":{"self":[{"href":"https:\/\/blogdoedvaldomagalhaes.com.br\/index.php\/wp-json\/wp\/v2\/tags\/22712","targetHints":{"allow":["GET"]}}],"collection":[{"href":"https:\/\/blogdoedvaldomagalhaes.com.br\/index.php\/wp-json\/wp\/v2\/tags"}],"about":[{"href":"https:\/\/blogdoedvaldomagalhaes.com.br\/index.php\/wp-json\/wp\/v2\/taxonomies\/post_tag"}],"wp:post_type":[{"href":"https:\/\/blogdoedvaldomagalhaes.com.br\/index.php\/wp-json\/wp\/v2\/posts?tags=22712"}],"curies":[{"name":"wp","href":"https:\/\/api.w.org\/{rel}","templated":true}]}}