{"id":22685,"count":1,"description":"","link":"https:\/\/blogdoedvaldomagalhaes.com.br\/index.php\/tag\/der-liga-lombadas-eletronicas-durante-feriadao-e-intensifica-fiscalizacao-com-o-bprv\/","name":"DER liga lombadas eletr\u00f4nicas durante feriad\u00e3o e intensifica fiscaliza\u00e7\u00e3o com o BPRv","slug":"der-liga-lombadas-eletronicas-durante-feriadao-e-intensifica-fiscalizacao-com-o-bprv","taxonomy":"post_tag","meta":[],"_links":{"self":[{"href":"https:\/\/blogdoedvaldomagalhaes.com.br\/index.php\/wp-json\/wp\/v2\/tags\/22685","targetHints":{"allow":["GET"]}}],"collection":[{"href":"https:\/\/blogdoedvaldomagalhaes.com.br\/index.php\/wp-json\/wp\/v2\/tags"}],"about":[{"href":"https:\/\/blogdoedvaldomagalhaes.com.br\/index.php\/wp-json\/wp\/v2\/taxonomies\/post_tag"}],"wp:post_type":[{"href":"https:\/\/blogdoedvaldomagalhaes.com.br\/index.php\/wp-json\/wp\/v2\/posts?tags=22685"}],"curies":[{"name":"wp","href":"https:\/\/api.w.org\/{rel}","templated":true}]}}