{"id":2239,"count":1,"description":"","link":"https:\/\/blogdoedvaldomagalhaes.com.br\/index.php\/tag\/compesa-vai-diminuir-calendario-de-abastecimento-de-agua-em-caruaru-e-vai-anunciar-novo-calendario\/","name":"Compesa vai diminuir calend\u00e1rio de abastecimento de \u00e1gua em Caruaru e vai anunciar novo calend\u00e1rio","slug":"compesa-vai-diminuir-calendario-de-abastecimento-de-agua-em-caruaru-e-vai-anunciar-novo-calendario","taxonomy":"post_tag","meta":[],"_links":{"self":[{"href":"https:\/\/blogdoedvaldomagalhaes.com.br\/index.php\/wp-json\/wp\/v2\/tags\/2239","targetHints":{"allow":["GET"]}}],"collection":[{"href":"https:\/\/blogdoedvaldomagalhaes.com.br\/index.php\/wp-json\/wp\/v2\/tags"}],"about":[{"href":"https:\/\/blogdoedvaldomagalhaes.com.br\/index.php\/wp-json\/wp\/v2\/taxonomies\/post_tag"}],"wp:post_type":[{"href":"https:\/\/blogdoedvaldomagalhaes.com.br\/index.php\/wp-json\/wp\/v2\/posts?tags=2239"}],"curies":[{"name":"wp","href":"https:\/\/api.w.org\/{rel}","templated":true}]}}