{"id":22304,"count":1,"description":"","link":"https:\/\/blogdoedvaldomagalhaes.com.br\/index.php\/tag\/populacao-deve-ficar-atenta-para-nao-perder-o-prazo-da-2a-dose-da-vacina-contra-a-covid-19\/","name":"Popula\u00e7\u00e3o deve ficar atenta para n\u00e3o perder o prazo da 2\u00aa dose da vacina contra a Covid-19","slug":"populacao-deve-ficar-atenta-para-nao-perder-o-prazo-da-2a-dose-da-vacina-contra-a-covid-19","taxonomy":"post_tag","meta":[],"_links":{"self":[{"href":"https:\/\/blogdoedvaldomagalhaes.com.br\/index.php\/wp-json\/wp\/v2\/tags\/22304","targetHints":{"allow":["GET"]}}],"collection":[{"href":"https:\/\/blogdoedvaldomagalhaes.com.br\/index.php\/wp-json\/wp\/v2\/tags"}],"about":[{"href":"https:\/\/blogdoedvaldomagalhaes.com.br\/index.php\/wp-json\/wp\/v2\/taxonomies\/post_tag"}],"wp:post_type":[{"href":"https:\/\/blogdoedvaldomagalhaes.com.br\/index.php\/wp-json\/wp\/v2\/posts?tags=22304"}],"curies":[{"name":"wp","href":"https:\/\/api.w.org\/{rel}","templated":true}]}}