{"id":22292,"count":1,"description":"","link":"https:\/\/blogdoedvaldomagalhaes.com.br\/index.php\/tag\/irmao-ronaldo-faz-varias-reivindicacoes-em-audiencia-com-a-prefeita-raquel-lyra\/","name":"Irm\u00e3o Ronaldo faz v\u00e1rias reivindica\u00e7\u00f5es em audi\u00eancia com a prefeita Raquel Lyra","slug":"irmao-ronaldo-faz-varias-reivindicacoes-em-audiencia-com-a-prefeita-raquel-lyra","taxonomy":"post_tag","meta":[],"_links":{"self":[{"href":"https:\/\/blogdoedvaldomagalhaes.com.br\/index.php\/wp-json\/wp\/v2\/tags\/22292","targetHints":{"allow":["GET"]}}],"collection":[{"href":"https:\/\/blogdoedvaldomagalhaes.com.br\/index.php\/wp-json\/wp\/v2\/tags"}],"about":[{"href":"https:\/\/blogdoedvaldomagalhaes.com.br\/index.php\/wp-json\/wp\/v2\/taxonomies\/post_tag"}],"wp:post_type":[{"href":"https:\/\/blogdoedvaldomagalhaes.com.br\/index.php\/wp-json\/wp\/v2\/posts?tags=22292"}],"curies":[{"name":"wp","href":"https:\/\/api.w.org\/{rel}","templated":true}]}}