{"id":21759,"count":1,"description":"","link":"https:\/\/blogdoedvaldomagalhaes.com.br\/index.php\/tag\/prf-recolhe-cerca-de-200-veiculos-irregulares-durante-operacao-maio-amarelo-no-agreste-pe\/","name":"PRF recolhe cerca de 200 ve\u00edculos irregulares durante Opera\u00e7\u00e3o Maio Amarelo no Agreste-PE","slug":"prf-recolhe-cerca-de-200-veiculos-irregulares-durante-operacao-maio-amarelo-no-agreste-pe","taxonomy":"post_tag","meta":[],"_links":{"self":[{"href":"https:\/\/blogdoedvaldomagalhaes.com.br\/index.php\/wp-json\/wp\/v2\/tags\/21759","targetHints":{"allow":["GET"]}}],"collection":[{"href":"https:\/\/blogdoedvaldomagalhaes.com.br\/index.php\/wp-json\/wp\/v2\/tags"}],"about":[{"href":"https:\/\/blogdoedvaldomagalhaes.com.br\/index.php\/wp-json\/wp\/v2\/taxonomies\/post_tag"}],"wp:post_type":[{"href":"https:\/\/blogdoedvaldomagalhaes.com.br\/index.php\/wp-json\/wp\/v2\/posts?tags=21759"}],"curies":[{"name":"wp","href":"https:\/\/api.w.org\/{rel}","templated":true}]}}