{"id":21753,"count":1,"description":"","link":"https:\/\/blogdoedvaldomagalhaes.com.br\/index.php\/tag\/ministerio-da-saude-autoriza-vacinacao-da-populacao-entre-18-e-59-anos-junto-com-grupos-prioritarios\/","name":"Minist\u00e9rio da Sa\u00fade autoriza vacina\u00e7\u00e3o da popula\u00e7\u00e3o entre 18 e 59 anos junto com grupos priorit\u00e1rios","slug":"ministerio-da-saude-autoriza-vacinacao-da-populacao-entre-18-e-59-anos-junto-com-grupos-prioritarios","taxonomy":"post_tag","meta":[],"_links":{"self":[{"href":"https:\/\/blogdoedvaldomagalhaes.com.br\/index.php\/wp-json\/wp\/v2\/tags\/21753","targetHints":{"allow":["GET"]}}],"collection":[{"href":"https:\/\/blogdoedvaldomagalhaes.com.br\/index.php\/wp-json\/wp\/v2\/tags"}],"about":[{"href":"https:\/\/blogdoedvaldomagalhaes.com.br\/index.php\/wp-json\/wp\/v2\/taxonomies\/post_tag"}],"wp:post_type":[{"href":"https:\/\/blogdoedvaldomagalhaes.com.br\/index.php\/wp-json\/wp\/v2\/posts?tags=21753"}],"curies":[{"name":"wp","href":"https:\/\/api.w.org\/{rel}","templated":true}]}}