{"id":21662,"count":1,"description":"","link":"https:\/\/blogdoedvaldomagalhaes.com.br\/index.php\/tag\/tony-gel-pede-inclusao-de-lactantes-no-grupo-de-vacinacao-de-gravidas-e-puerperas\/","name":"Tony Gel pede inclus\u00e3o de lactantes no grupo de vacina\u00e7\u00e3o de gr\u00e1vidas e pu\u00e9rperas","slug":"tony-gel-pede-inclusao-de-lactantes-no-grupo-de-vacinacao-de-gravidas-e-puerperas","taxonomy":"post_tag","meta":[],"_links":{"self":[{"href":"https:\/\/blogdoedvaldomagalhaes.com.br\/index.php\/wp-json\/wp\/v2\/tags\/21662","targetHints":{"allow":["GET"]}}],"collection":[{"href":"https:\/\/blogdoedvaldomagalhaes.com.br\/index.php\/wp-json\/wp\/v2\/tags"}],"about":[{"href":"https:\/\/blogdoedvaldomagalhaes.com.br\/index.php\/wp-json\/wp\/v2\/taxonomies\/post_tag"}],"wp:post_type":[{"href":"https:\/\/blogdoedvaldomagalhaes.com.br\/index.php\/wp-json\/wp\/v2\/posts?tags=21662"}],"curies":[{"name":"wp","href":"https:\/\/api.w.org\/{rel}","templated":true}]}}