{"id":21347,"count":1,"description":"","link":"https:\/\/blogdoedvaldomagalhaes.com.br\/index.php\/tag\/homicidios-caem-novamente-em-pernambuco-e-ficam-no-menor-patamar-de-toda-a-serie-historica\/","name":"Homic\u00eddios caem novamente em Pernambuco e ficam no menor patamar de toda a s\u00e9rie hist\u00f3rica","slug":"homicidios-caem-novamente-em-pernambuco-e-ficam-no-menor-patamar-de-toda-a-serie-historica","taxonomy":"post_tag","meta":[],"_links":{"self":[{"href":"https:\/\/blogdoedvaldomagalhaes.com.br\/index.php\/wp-json\/wp\/v2\/tags\/21347","targetHints":{"allow":["GET"]}}],"collection":[{"href":"https:\/\/blogdoedvaldomagalhaes.com.br\/index.php\/wp-json\/wp\/v2\/tags"}],"about":[{"href":"https:\/\/blogdoedvaldomagalhaes.com.br\/index.php\/wp-json\/wp\/v2\/taxonomies\/post_tag"}],"wp:post_type":[{"href":"https:\/\/blogdoedvaldomagalhaes.com.br\/index.php\/wp-json\/wp\/v2\/posts?tags=21347"}],"curies":[{"name":"wp","href":"https:\/\/api.w.org\/{rel}","templated":true}]}}