{"id":21165,"count":1,"description":"","link":"https:\/\/blogdoedvaldomagalhaes.com.br\/index.php\/tag\/suspeitos-de-piramide-financeira-sao-presos-e-lider-com-residencia-em-caruaru-e-preso-na-paraiba\/","name":"Suspeitos de Pir\u00e2mide Financeira s\u00e3o presos e l\u00edder com resid\u00eancia em Caruaru \u00e9 preso na Para\u00edba","slug":"suspeitos-de-piramide-financeira-sao-presos-e-lider-com-residencia-em-caruaru-e-preso-na-paraiba","taxonomy":"post_tag","meta":[],"_links":{"self":[{"href":"https:\/\/blogdoedvaldomagalhaes.com.br\/index.php\/wp-json\/wp\/v2\/tags\/21165","targetHints":{"allow":["GET"]}}],"collection":[{"href":"https:\/\/blogdoedvaldomagalhaes.com.br\/index.php\/wp-json\/wp\/v2\/tags"}],"about":[{"href":"https:\/\/blogdoedvaldomagalhaes.com.br\/index.php\/wp-json\/wp\/v2\/taxonomies\/post_tag"}],"wp:post_type":[{"href":"https:\/\/blogdoedvaldomagalhaes.com.br\/index.php\/wp-json\/wp\/v2\/posts?tags=21165"}],"curies":[{"name":"wp","href":"https:\/\/api.w.org\/{rel}","templated":true}]}}