{"id":20990,"count":1,"description":"","link":"https:\/\/blogdoedvaldomagalhaes.com.br\/index.php\/tag\/agentes-de-transito-de-caruaru-discutiram-atualizacao-do-plano-de-cargos-e-carreiras-nesta-quinta-4\/","name":"Agentes de Tr\u00e2nsito de Caruaru discutiram atualiza\u00e7\u00e3o do Plano de Cargos e Carreiras nesta quinta (4)","slug":"agentes-de-transito-de-caruaru-discutiram-atualizacao-do-plano-de-cargos-e-carreiras-nesta-quinta-4","taxonomy":"post_tag","meta":[],"_links":{"self":[{"href":"https:\/\/blogdoedvaldomagalhaes.com.br\/index.php\/wp-json\/wp\/v2\/tags\/20990","targetHints":{"allow":["GET"]}}],"collection":[{"href":"https:\/\/blogdoedvaldomagalhaes.com.br\/index.php\/wp-json\/wp\/v2\/tags"}],"about":[{"href":"https:\/\/blogdoedvaldomagalhaes.com.br\/index.php\/wp-json\/wp\/v2\/taxonomies\/post_tag"}],"wp:post_type":[{"href":"https:\/\/blogdoedvaldomagalhaes.com.br\/index.php\/wp-json\/wp\/v2\/posts?tags=20990"}],"curies":[{"name":"wp","href":"https:\/\/api.w.org\/{rel}","templated":true}]}}