{"id":20989,"count":1,"description":"","link":"https:\/\/blogdoedvaldomagalhaes.com.br\/index.php\/tag\/pe-registra-os-piores-indicadores-de-2021-na-ultima-semana-e-agravamento-da-situacao-epidemiologica\/","name":"PE registra os piores indicadores de 2021 na \u00faltima semana e agravamento da situa\u00e7\u00e3o epidemiol\u00f3gica","slug":"pe-registra-os-piores-indicadores-de-2021-na-ultima-semana-e-agravamento-da-situacao-epidemiologica","taxonomy":"post_tag","meta":[],"_links":{"self":[{"href":"https:\/\/blogdoedvaldomagalhaes.com.br\/index.php\/wp-json\/wp\/v2\/tags\/20989","targetHints":{"allow":["GET"]}}],"collection":[{"href":"https:\/\/blogdoedvaldomagalhaes.com.br\/index.php\/wp-json\/wp\/v2\/tags"}],"about":[{"href":"https:\/\/blogdoedvaldomagalhaes.com.br\/index.php\/wp-json\/wp\/v2\/taxonomies\/post_tag"}],"wp:post_type":[{"href":"https:\/\/blogdoedvaldomagalhaes.com.br\/index.php\/wp-json\/wp\/v2\/posts?tags=20989"}],"curies":[{"name":"wp","href":"https:\/\/api.w.org\/{rel}","templated":true}]}}