{"id":20926,"count":1,"description":"","link":"https:\/\/blogdoedvaldomagalhaes.com.br\/index.php\/tag\/vereador-cabo-cardoso-solicita-criacao-de-area-verde-implantacao-de-camera-de-vigilancia-e-calcamento\/","name":"Vereador Cabo Cardoso solicita cria\u00e7\u00e3o de \u00e1rea verde; implanta\u00e7\u00e3o de c\u00e2mera de vigil\u00e2ncia e cal\u00e7amento","slug":"vereador-cabo-cardoso-solicita-criacao-de-area-verde-implantacao-de-camera-de-vigilancia-e-calcamento","taxonomy":"post_tag","meta":[],"_links":{"self":[{"href":"https:\/\/blogdoedvaldomagalhaes.com.br\/index.php\/wp-json\/wp\/v2\/tags\/20926","targetHints":{"allow":["GET"]}}],"collection":[{"href":"https:\/\/blogdoedvaldomagalhaes.com.br\/index.php\/wp-json\/wp\/v2\/tags"}],"about":[{"href":"https:\/\/blogdoedvaldomagalhaes.com.br\/index.php\/wp-json\/wp\/v2\/taxonomies\/post_tag"}],"wp:post_type":[{"href":"https:\/\/blogdoedvaldomagalhaes.com.br\/index.php\/wp-json\/wp\/v2\/posts?tags=20926"}],"curies":[{"name":"wp","href":"https:\/\/api.w.org\/{rel}","templated":true}]}}