{"id":20916,"count":1,"description":"","link":"https:\/\/blogdoedvaldomagalhaes.com.br\/index.php\/tag\/apac-confirma-probabilidade-de-chuvas-abaixo-da-media-em-pernambuco-ate-o-mes-de-maio\/","name":"Apac confirma probabilidade de chuvas abaixo da m\u00e9dia em Pernambuco at\u00e9 o m\u00eas de maio","slug":"apac-confirma-probabilidade-de-chuvas-abaixo-da-media-em-pernambuco-ate-o-mes-de-maio","taxonomy":"post_tag","meta":[],"_links":{"self":[{"href":"https:\/\/blogdoedvaldomagalhaes.com.br\/index.php\/wp-json\/wp\/v2\/tags\/20916","targetHints":{"allow":["GET"]}}],"collection":[{"href":"https:\/\/blogdoedvaldomagalhaes.com.br\/index.php\/wp-json\/wp\/v2\/tags"}],"about":[{"href":"https:\/\/blogdoedvaldomagalhaes.com.br\/index.php\/wp-json\/wp\/v2\/taxonomies\/post_tag"}],"wp:post_type":[{"href":"https:\/\/blogdoedvaldomagalhaes.com.br\/index.php\/wp-json\/wp\/v2\/posts?tags=20916"}],"curies":[{"name":"wp","href":"https:\/\/api.w.org\/{rel}","templated":true}]}}