{"id":20783,"count":1,"description":"","link":"https:\/\/blogdoedvaldomagalhaes.com.br\/index.php\/tag\/comercio-de-caruaru-esta-liberado-para-abrir-nos-dias-de-carnaval-lojistas-podem-optar-se-abrem-ou-nao-as-empresas\/","name":"Com\u00e9rcio de Caruaru est\u00e1 liberado para abrir nos dias de carnaval; Lojistas podem optar se abrem ou n\u00e3o as empresas","slug":"comercio-de-caruaru-esta-liberado-para-abrir-nos-dias-de-carnaval-lojistas-podem-optar-se-abrem-ou-nao-as-empresas","taxonomy":"post_tag","meta":[],"_links":{"self":[{"href":"https:\/\/blogdoedvaldomagalhaes.com.br\/index.php\/wp-json\/wp\/v2\/tags\/20783","targetHints":{"allow":["GET"]}}],"collection":[{"href":"https:\/\/blogdoedvaldomagalhaes.com.br\/index.php\/wp-json\/wp\/v2\/tags"}],"about":[{"href":"https:\/\/blogdoedvaldomagalhaes.com.br\/index.php\/wp-json\/wp\/v2\/taxonomies\/post_tag"}],"wp:post_type":[{"href":"https:\/\/blogdoedvaldomagalhaes.com.br\/index.php\/wp-json\/wp\/v2\/posts?tags=20783"}],"curies":[{"name":"wp","href":"https:\/\/api.w.org\/{rel}","templated":true}]}}