{"id":20514,"count":1,"description":"","link":"https:\/\/blogdoedvaldomagalhaes.com.br\/index.php\/tag\/compesa-abre-chamamento-publico-para-modelos-de-negocio-de-reuso-para-as-estacoes-de-tratamento-de-esgoto\/","name":"Compesa abre chamamento p\u00fablico para modelos de neg\u00f3cio de reuso para as esta\u00e7\u00f5es de tratamento de esgoto","slug":"compesa-abre-chamamento-publico-para-modelos-de-negocio-de-reuso-para-as-estacoes-de-tratamento-de-esgoto","taxonomy":"post_tag","meta":[],"_links":{"self":[{"href":"https:\/\/blogdoedvaldomagalhaes.com.br\/index.php\/wp-json\/wp\/v2\/tags\/20514","targetHints":{"allow":["GET"]}}],"collection":[{"href":"https:\/\/blogdoedvaldomagalhaes.com.br\/index.php\/wp-json\/wp\/v2\/tags"}],"about":[{"href":"https:\/\/blogdoedvaldomagalhaes.com.br\/index.php\/wp-json\/wp\/v2\/taxonomies\/post_tag"}],"wp:post_type":[{"href":"https:\/\/blogdoedvaldomagalhaes.com.br\/index.php\/wp-json\/wp\/v2\/posts?tags=20514"}],"curies":[{"name":"wp","href":"https:\/\/api.w.org\/{rel}","templated":true}]}}