{"id":20513,"count":1,"description":"","link":"https:\/\/blogdoedvaldomagalhaes.com.br\/index.php\/tag\/festival-de-cinema-de-caruaru-esta-com-inscricoes-abertas-para-segunda-edicao-virtual\/","name":"Festival de Cinema de Caruaru est\u00e1 com inscri\u00e7\u00f5es abertas para segunda edi\u00e7\u00e3o virtual","slug":"festival-de-cinema-de-caruaru-esta-com-inscricoes-abertas-para-segunda-edicao-virtual","taxonomy":"post_tag","meta":[],"_links":{"self":[{"href":"https:\/\/blogdoedvaldomagalhaes.com.br\/index.php\/wp-json\/wp\/v2\/tags\/20513","targetHints":{"allow":["GET"]}}],"collection":[{"href":"https:\/\/blogdoedvaldomagalhaes.com.br\/index.php\/wp-json\/wp\/v2\/tags"}],"about":[{"href":"https:\/\/blogdoedvaldomagalhaes.com.br\/index.php\/wp-json\/wp\/v2\/taxonomies\/post_tag"}],"wp:post_type":[{"href":"https:\/\/blogdoedvaldomagalhaes.com.br\/index.php\/wp-json\/wp\/v2\/posts?tags=20513"}],"curies":[{"name":"wp","href":"https:\/\/api.w.org\/{rel}","templated":true}]}}