{"id":2047,"count":1,"description":"","link":"https:\/\/blogdoedvaldomagalhaes.com.br\/index.php\/tag\/tony-gel-defende-uniao-de-forcas-para-o-bem-de-caruaru-e-reeleicao-de-paulo-camara\/","name":"Tony Gel defende uni\u00e3o de for\u00e7as para o bem de Caruaru e reelei\u00e7\u00e3o de Paulo C\u00e2mara","slug":"tony-gel-defende-uniao-de-forcas-para-o-bem-de-caruaru-e-reeleicao-de-paulo-camara","taxonomy":"post_tag","meta":[],"_links":{"self":[{"href":"https:\/\/blogdoedvaldomagalhaes.com.br\/index.php\/wp-json\/wp\/v2\/tags\/2047","targetHints":{"allow":["GET"]}}],"collection":[{"href":"https:\/\/blogdoedvaldomagalhaes.com.br\/index.php\/wp-json\/wp\/v2\/tags"}],"about":[{"href":"https:\/\/blogdoedvaldomagalhaes.com.br\/index.php\/wp-json\/wp\/v2\/taxonomies\/post_tag"}],"wp:post_type":[{"href":"https:\/\/blogdoedvaldomagalhaes.com.br\/index.php\/wp-json\/wp\/v2\/posts?tags=2047"}],"curies":[{"name":"wp","href":"https:\/\/api.w.org\/{rel}","templated":true}]}}