{"id":20445,"count":1,"description":"","link":"https:\/\/blogdoedvaldomagalhaes.com.br\/index.php\/tag\/secretario-de-saude-pe-pede-para-todos-evitarem-aglomeracoes-nas-festas-de-fim-de-ano\/","name":"Secret\u00e1rio de Sa\u00fade-PE pede para todos evitarem aglomera\u00e7\u00f5es nas festas de fim de ano","slug":"secretario-de-saude-pe-pede-para-todos-evitarem-aglomeracoes-nas-festas-de-fim-de-ano","taxonomy":"post_tag","meta":[],"_links":{"self":[{"href":"https:\/\/blogdoedvaldomagalhaes.com.br\/index.php\/wp-json\/wp\/v2\/tags\/20445","targetHints":{"allow":["GET"]}}],"collection":[{"href":"https:\/\/blogdoedvaldomagalhaes.com.br\/index.php\/wp-json\/wp\/v2\/tags"}],"about":[{"href":"https:\/\/blogdoedvaldomagalhaes.com.br\/index.php\/wp-json\/wp\/v2\/taxonomies\/post_tag"}],"wp:post_type":[{"href":"https:\/\/blogdoedvaldomagalhaes.com.br\/index.php\/wp-json\/wp\/v2\/posts?tags=20445"}],"curies":[{"name":"wp","href":"https:\/\/api.w.org\/{rel}","templated":true}]}}