{"id":20293,"count":1,"description":"","link":"https:\/\/blogdoedvaldomagalhaes.com.br\/index.php\/tag\/campanha-solidaria-natal-do-sertao-precisa-de-doacoes-ate-o-dia-10-de-dezembro\/","name":"Campanha solid\u00e1ria &quot;Natal do Sert\u00e3o&quot; precisa de doa\u00e7\u00f5es at\u00e9 o dia 10 de dezembro","slug":"campanha-solidaria-natal-do-sertao-precisa-de-doacoes-ate-o-dia-10-de-dezembro","taxonomy":"post_tag","meta":[],"_links":{"self":[{"href":"https:\/\/blogdoedvaldomagalhaes.com.br\/index.php\/wp-json\/wp\/v2\/tags\/20293","targetHints":{"allow":["GET"]}}],"collection":[{"href":"https:\/\/blogdoedvaldomagalhaes.com.br\/index.php\/wp-json\/wp\/v2\/tags"}],"about":[{"href":"https:\/\/blogdoedvaldomagalhaes.com.br\/index.php\/wp-json\/wp\/v2\/taxonomies\/post_tag"}],"wp:post_type":[{"href":"https:\/\/blogdoedvaldomagalhaes.com.br\/index.php\/wp-json\/wp\/v2\/posts?tags=20293"}],"curies":[{"name":"wp","href":"https:\/\/api.w.org\/{rel}","templated":true}]}}