{"id":2012,"count":1,"description":"","link":"https:\/\/blogdoedvaldomagalhaes.com.br\/index.php\/tag\/funcionarios-de-empresa-de-onibus-realizam-protesto-em-caruaru-e-secretarios-municipais-concedem-entrevista-coletiva\/","name":"Funcion\u00e1rios de empresa de \u00f4nibus realizam protesto em Caruaru e Secret\u00e1rios Municipais concedem entrevista coletiva","slug":"funcionarios-de-empresa-de-onibus-realizam-protesto-em-caruaru-e-secretarios-municipais-concedem-entrevista-coletiva","taxonomy":"post_tag","meta":[],"_links":{"self":[{"href":"https:\/\/blogdoedvaldomagalhaes.com.br\/index.php\/wp-json\/wp\/v2\/tags\/2012","targetHints":{"allow":["GET"]}}],"collection":[{"href":"https:\/\/blogdoedvaldomagalhaes.com.br\/index.php\/wp-json\/wp\/v2\/tags"}],"about":[{"href":"https:\/\/blogdoedvaldomagalhaes.com.br\/index.php\/wp-json\/wp\/v2\/taxonomies\/post_tag"}],"wp:post_type":[{"href":"https:\/\/blogdoedvaldomagalhaes.com.br\/index.php\/wp-json\/wp\/v2\/posts?tags=2012"}],"curies":[{"name":"wp","href":"https:\/\/api.w.org\/{rel}","templated":true}]}}