{"id":2003,"count":1,"description":"","link":"https:\/\/blogdoedvaldomagalhaes.com.br\/index.php\/tag\/novo-sistema-do-transporte-publico-de-caruaru-comeca-a-funcionar-nesta-terca-feira-26-confira-como-ficaram-as-linhas\/","name":"Novo sistema do Transporte P\u00fablico de Caruaru come\u00e7a a funcionar nesta ter\u00e7a-feira (26); Confira como ficaram as linhas","slug":"novo-sistema-do-transporte-publico-de-caruaru-comeca-a-funcionar-nesta-terca-feira-26-confira-como-ficaram-as-linhas","taxonomy":"post_tag","meta":[],"_links":{"self":[{"href":"https:\/\/blogdoedvaldomagalhaes.com.br\/index.php\/wp-json\/wp\/v2\/tags\/2003","targetHints":{"allow":["GET"]}}],"collection":[{"href":"https:\/\/blogdoedvaldomagalhaes.com.br\/index.php\/wp-json\/wp\/v2\/tags"}],"about":[{"href":"https:\/\/blogdoedvaldomagalhaes.com.br\/index.php\/wp-json\/wp\/v2\/taxonomies\/post_tag"}],"wp:post_type":[{"href":"https:\/\/blogdoedvaldomagalhaes.com.br\/index.php\/wp-json\/wp\/v2\/posts?tags=2003"}],"curies":[{"name":"wp","href":"https:\/\/api.w.org\/{rel}","templated":true}]}}