{"id":19955,"count":1,"description":"","link":"https:\/\/blogdoedvaldomagalhaes.com.br\/index.php\/tag\/pernambuco-registra-878-novos-casos-de-covid-19-e-rede-publica-estadual-tem-ocupacao-media-de-59\/","name":"Pernambuco registra 878 novos casos de covid-19 e rede p\u00fablica estadual tem ocupa\u00e7\u00e3o m\u00e9dia de 59%","slug":"pernambuco-registra-878-novos-casos-de-covid-19-e-rede-publica-estadual-tem-ocupacao-media-de-59","taxonomy":"post_tag","meta":[],"_links":{"self":[{"href":"https:\/\/blogdoedvaldomagalhaes.com.br\/index.php\/wp-json\/wp\/v2\/tags\/19955","targetHints":{"allow":["GET"]}}],"collection":[{"href":"https:\/\/blogdoedvaldomagalhaes.com.br\/index.php\/wp-json\/wp\/v2\/tags"}],"about":[{"href":"https:\/\/blogdoedvaldomagalhaes.com.br\/index.php\/wp-json\/wp\/v2\/taxonomies\/post_tag"}],"wp:post_type":[{"href":"https:\/\/blogdoedvaldomagalhaes.com.br\/index.php\/wp-json\/wp\/v2\/posts?tags=19955"}],"curies":[{"name":"wp","href":"https:\/\/api.w.org\/{rel}","templated":true}]}}