{"id":19678,"count":1,"description":"","link":"https:\/\/blogdoedvaldomagalhaes.com.br\/index.php\/tag\/forum-de-caruaru-e-ministerio-publico-voltam-a-atender-presencial-por-agendamento-a-partir-de-quinta-feira\/","name":"F\u00f3rum de Caruaru e Minist\u00e9rio P\u00fablico voltam a atender presencial por agendamento a partir de quinta-feira","slug":"forum-de-caruaru-e-ministerio-publico-voltam-a-atender-presencial-por-agendamento-a-partir-de-quinta-feira","taxonomy":"post_tag","meta":[],"_links":{"self":[{"href":"https:\/\/blogdoedvaldomagalhaes.com.br\/index.php\/wp-json\/wp\/v2\/tags\/19678","targetHints":{"allow":["GET"]}}],"collection":[{"href":"https:\/\/blogdoedvaldomagalhaes.com.br\/index.php\/wp-json\/wp\/v2\/tags"}],"about":[{"href":"https:\/\/blogdoedvaldomagalhaes.com.br\/index.php\/wp-json\/wp\/v2\/taxonomies\/post_tag"}],"wp:post_type":[{"href":"https:\/\/blogdoedvaldomagalhaes.com.br\/index.php\/wp-json\/wp\/v2\/posts?tags=19678"}],"curies":[{"name":"wp","href":"https:\/\/api.w.org\/{rel}","templated":true}]}}