{"id":19641,"count":1,"description":"","link":"https:\/\/blogdoedvaldomagalhaes.com.br\/index.php\/tag\/prefeitura-de-caruaru-inicia-entrega-dos-cartoes-alimentacao-aos-alunos-da-rede-municipal-de-ensino-segunda-28\/","name":"Prefeitura de Caruaru inicia entrega dos cart\u00f5es alimenta\u00e7\u00e3o aos alunos da rede municipal de ensino segunda (28)","slug":"prefeitura-de-caruaru-inicia-entrega-dos-cartoes-alimentacao-aos-alunos-da-rede-municipal-de-ensino-segunda-28","taxonomy":"post_tag","meta":[],"_links":{"self":[{"href":"https:\/\/blogdoedvaldomagalhaes.com.br\/index.php\/wp-json\/wp\/v2\/tags\/19641","targetHints":{"allow":["GET"]}}],"collection":[{"href":"https:\/\/blogdoedvaldomagalhaes.com.br\/index.php\/wp-json\/wp\/v2\/tags"}],"about":[{"href":"https:\/\/blogdoedvaldomagalhaes.com.br\/index.php\/wp-json\/wp\/v2\/taxonomies\/post_tag"}],"wp:post_type":[{"href":"https:\/\/blogdoedvaldomagalhaes.com.br\/index.php\/wp-json\/wp\/v2\/posts?tags=19641"}],"curies":[{"name":"wp","href":"https:\/\/api.w.org\/{rel}","templated":true}]}}