{"id":19551,"count":1,"description":"","link":"https:\/\/blogdoedvaldomagalhaes.com.br\/index.php\/tag\/celebracoes-do-dia-da-padroeira-de-caruaru-tem-novos-horarios-nesta-terca-15-confira\/","name":"Celebra\u00e7\u00f5es do Dia da Padroeira de Caruaru tem novos hor\u00e1rios nesta ter\u00e7a (15); Confira","slug":"celebracoes-do-dia-da-padroeira-de-caruaru-tem-novos-horarios-nesta-terca-15-confira","taxonomy":"post_tag","meta":[],"_links":{"self":[{"href":"https:\/\/blogdoedvaldomagalhaes.com.br\/index.php\/wp-json\/wp\/v2\/tags\/19551","targetHints":{"allow":["GET"]}}],"collection":[{"href":"https:\/\/blogdoedvaldomagalhaes.com.br\/index.php\/wp-json\/wp\/v2\/tags"}],"about":[{"href":"https:\/\/blogdoedvaldomagalhaes.com.br\/index.php\/wp-json\/wp\/v2\/taxonomies\/post_tag"}],"wp:post_type":[{"href":"https:\/\/blogdoedvaldomagalhaes.com.br\/index.php\/wp-json\/wp\/v2\/posts?tags=19551"}],"curies":[{"name":"wp","href":"https:\/\/api.w.org\/{rel}","templated":true}]}}