{"id":19381,"count":1,"description":"","link":"https:\/\/blogdoedvaldomagalhaes.com.br\/index.php\/tag\/cantor-bell-marques-em-cadeira-de-rodas-apos-sofrer-acidente-jogando-tenis-passara-por-cirugia\/","name":"Cantor Bell Marques em cadeira de rodas ap\u00f3s sofrer acidente jogando t\u00eanis passar\u00e1 por cirugia","slug":"cantor-bell-marques-em-cadeira-de-rodas-apos-sofrer-acidente-jogando-tenis-passara-por-cirugia","taxonomy":"post_tag","meta":[],"_links":{"self":[{"href":"https:\/\/blogdoedvaldomagalhaes.com.br\/index.php\/wp-json\/wp\/v2\/tags\/19381","targetHints":{"allow":["GET"]}}],"collection":[{"href":"https:\/\/blogdoedvaldomagalhaes.com.br\/index.php\/wp-json\/wp\/v2\/tags"}],"about":[{"href":"https:\/\/blogdoedvaldomagalhaes.com.br\/index.php\/wp-json\/wp\/v2\/taxonomies\/post_tag"}],"wp:post_type":[{"href":"https:\/\/blogdoedvaldomagalhaes.com.br\/index.php\/wp-json\/wp\/v2\/posts?tags=19381"}],"curies":[{"name":"wp","href":"https:\/\/api.w.org\/{rel}","templated":true}]}}