{"id":19379,"count":1,"description":"","link":"https:\/\/blogdoedvaldomagalhaes.com.br\/index.php\/tag\/pef-apreende-canarios-da-terra-dentro-de-porta-malas-em-gravata-passaros-adquiridos-em-caruaru\/","name":"PEF apreende can\u00e1rios-da-terra dentro de porta-malas em Gravat\u00e1; P\u00e1ssaros adquiridos em Caruaru","slug":"pef-apreende-canarios-da-terra-dentro-de-porta-malas-em-gravata-passaros-adquiridos-em-caruaru","taxonomy":"post_tag","meta":[],"_links":{"self":[{"href":"https:\/\/blogdoedvaldomagalhaes.com.br\/index.php\/wp-json\/wp\/v2\/tags\/19379","targetHints":{"allow":["GET"]}}],"collection":[{"href":"https:\/\/blogdoedvaldomagalhaes.com.br\/index.php\/wp-json\/wp\/v2\/tags"}],"about":[{"href":"https:\/\/blogdoedvaldomagalhaes.com.br\/index.php\/wp-json\/wp\/v2\/taxonomies\/post_tag"}],"wp:post_type":[{"href":"https:\/\/blogdoedvaldomagalhaes.com.br\/index.php\/wp-json\/wp\/v2\/posts?tags=19379"}],"curies":[{"name":"wp","href":"https:\/\/api.w.org\/{rel}","templated":true}]}}