{"id":19152,"count":1,"description":"","link":"https:\/\/blogdoedvaldomagalhaes.com.br\/index.php\/tag\/gravida-com-covid-19-da-a-luz-e-recebe-alta-apos-12-dias-internada-no-hospital-unimed-caruaru\/","name":"Gr\u00e1vida com Covid-19 d\u00e1 a luz e recebe alta ap\u00f3s 12 dias internada no Hospital Unimed Caruaru","slug":"gravida-com-covid-19-da-a-luz-e-recebe-alta-apos-12-dias-internada-no-hospital-unimed-caruaru","taxonomy":"post_tag","meta":[],"_links":{"self":[{"href":"https:\/\/blogdoedvaldomagalhaes.com.br\/index.php\/wp-json\/wp\/v2\/tags\/19152","targetHints":{"allow":["GET"]}}],"collection":[{"href":"https:\/\/blogdoedvaldomagalhaes.com.br\/index.php\/wp-json\/wp\/v2\/tags"}],"about":[{"href":"https:\/\/blogdoedvaldomagalhaes.com.br\/index.php\/wp-json\/wp\/v2\/taxonomies\/post_tag"}],"wp:post_type":[{"href":"https:\/\/blogdoedvaldomagalhaes.com.br\/index.php\/wp-json\/wp\/v2\/posts?tags=19152"}],"curies":[{"name":"wp","href":"https:\/\/api.w.org\/{rel}","templated":true}]}}