{"id":19134,"count":1,"description":"","link":"https:\/\/blogdoedvaldomagalhaes.com.br\/index.php\/tag\/casal-e-detido-na-br-232-pelo-transporte-ilegal-de-29-passaros-silvestres-sem-agua-ou-alimento\/","name":"Casal \u00e9 detido na BR 232 pelo transporte ilegal de 29 p\u00e1ssaros silvestres sem \u00e1gua ou alimento","slug":"casal-e-detido-na-br-232-pelo-transporte-ilegal-de-29-passaros-silvestres-sem-agua-ou-alimento","taxonomy":"post_tag","meta":[],"_links":{"self":[{"href":"https:\/\/blogdoedvaldomagalhaes.com.br\/index.php\/wp-json\/wp\/v2\/tags\/19134","targetHints":{"allow":["GET"]}}],"collection":[{"href":"https:\/\/blogdoedvaldomagalhaes.com.br\/index.php\/wp-json\/wp\/v2\/tags"}],"about":[{"href":"https:\/\/blogdoedvaldomagalhaes.com.br\/index.php\/wp-json\/wp\/v2\/taxonomies\/post_tag"}],"wp:post_type":[{"href":"https:\/\/blogdoedvaldomagalhaes.com.br\/index.php\/wp-json\/wp\/v2\/posts?tags=19134"}],"curies":[{"name":"wp","href":"https:\/\/api.w.org\/{rel}","templated":true}]}}