{"id":19132,"count":1,"description":"","link":"https:\/\/blogdoedvaldomagalhaes.com.br\/index.php\/tag\/hilario-paulo-sela-uniao-com-pcdob-de-dr-edson-e-o-pre-candidato-a-vice-prefeito-e-frailan-mota\/","name":"Hilario Paulo sela uni\u00e3o com PCdoB de Dr. Edson e o pr\u00e9-candidato a vice-prefeito \u00e9 Frailan Mota","slug":"hilario-paulo-sela-uniao-com-pcdob-de-dr-edson-e-o-pre-candidato-a-vice-prefeito-e-frailan-mota","taxonomy":"post_tag","meta":[],"_links":{"self":[{"href":"https:\/\/blogdoedvaldomagalhaes.com.br\/index.php\/wp-json\/wp\/v2\/tags\/19132","targetHints":{"allow":["GET"]}}],"collection":[{"href":"https:\/\/blogdoedvaldomagalhaes.com.br\/index.php\/wp-json\/wp\/v2\/tags"}],"about":[{"href":"https:\/\/blogdoedvaldomagalhaes.com.br\/index.php\/wp-json\/wp\/v2\/taxonomies\/post_tag"}],"wp:post_type":[{"href":"https:\/\/blogdoedvaldomagalhaes.com.br\/index.php\/wp-json\/wp\/v2\/posts?tags=19132"}],"curies":[{"name":"wp","href":"https:\/\/api.w.org\/{rel}","templated":true}]}}