{"id":19126,"count":1,"description":"","link":"https:\/\/blogdoedvaldomagalhaes.com.br\/index.php\/tag\/festa-de-nossa-senhora-da-assuncao-em-caruaru-de-6-a-16-de-agosto-fieis-participarao-por-agendamento\/","name":"Festa de Nossa Senhora da Assun\u00e7\u00e3o em Caruaru de 6 a 16 de agosto; Fi\u00e9is participar\u00e3o por agendamento","slug":"festa-de-nossa-senhora-da-assuncao-em-caruaru-de-6-a-16-de-agosto-fieis-participarao-por-agendamento","taxonomy":"post_tag","meta":[],"_links":{"self":[{"href":"https:\/\/blogdoedvaldomagalhaes.com.br\/index.php\/wp-json\/wp\/v2\/tags\/19126","targetHints":{"allow":["GET"]}}],"collection":[{"href":"https:\/\/blogdoedvaldomagalhaes.com.br\/index.php\/wp-json\/wp\/v2\/tags"}],"about":[{"href":"https:\/\/blogdoedvaldomagalhaes.com.br\/index.php\/wp-json\/wp\/v2\/taxonomies\/post_tag"}],"wp:post_type":[{"href":"https:\/\/blogdoedvaldomagalhaes.com.br\/index.php\/wp-json\/wp\/v2\/posts?tags=19126"}],"curies":[{"name":"wp","href":"https:\/\/api.w.org\/{rel}","templated":true}]}}