{"id":1909,"count":1,"description":"","link":"https:\/\/blogdoedvaldomagalhaes.com.br\/index.php\/tag\/morre-o-pai-de-mario-flavio-e-allyson-da-farmacia-e-sepultamento-sera-nesta-segunda-2\/","name":"Morre o pai de M\u00e1rio Fl\u00e1vio e Allyson da Farm\u00e1cia e sepultamento ser\u00e1 nesta segunda (2)","slug":"morre-o-pai-de-mario-flavio-e-allyson-da-farmacia-e-sepultamento-sera-nesta-segunda-2","taxonomy":"post_tag","meta":[],"_links":{"self":[{"href":"https:\/\/blogdoedvaldomagalhaes.com.br\/index.php\/wp-json\/wp\/v2\/tags\/1909","targetHints":{"allow":["GET"]}}],"collection":[{"href":"https:\/\/blogdoedvaldomagalhaes.com.br\/index.php\/wp-json\/wp\/v2\/tags"}],"about":[{"href":"https:\/\/blogdoedvaldomagalhaes.com.br\/index.php\/wp-json\/wp\/v2\/taxonomies\/post_tag"}],"wp:post_type":[{"href":"https:\/\/blogdoedvaldomagalhaes.com.br\/index.php\/wp-json\/wp\/v2\/posts?tags=1909"}],"curies":[{"name":"wp","href":"https:\/\/api.w.org\/{rel}","templated":true}]}}