{"id":19086,"count":1,"description":"","link":"https:\/\/blogdoedvaldomagalhaes.com.br\/index.php\/tag\/cecilio-pedro-nao-disputara-reeleicao-e-lanca-esposa-mery-da-saude-como-opcao-para-camara-de-caruaru\/","name":"Cec\u00edlio Pedro n\u00e3o disputar\u00e1 reelei\u00e7\u00e3o e lan\u00e7a esposa Mery da Sa\u00fade como op\u00e7\u00e3o para C\u00e2mara de Caruaru","slug":"cecilio-pedro-nao-disputara-reeleicao-e-lanca-esposa-mery-da-saude-como-opcao-para-camara-de-caruaru","taxonomy":"post_tag","meta":[],"_links":{"self":[{"href":"https:\/\/blogdoedvaldomagalhaes.com.br\/index.php\/wp-json\/wp\/v2\/tags\/19086","targetHints":{"allow":["GET"]}}],"collection":[{"href":"https:\/\/blogdoedvaldomagalhaes.com.br\/index.php\/wp-json\/wp\/v2\/tags"}],"about":[{"href":"https:\/\/blogdoedvaldomagalhaes.com.br\/index.php\/wp-json\/wp\/v2\/taxonomies\/post_tag"}],"wp:post_type":[{"href":"https:\/\/blogdoedvaldomagalhaes.com.br\/index.php\/wp-json\/wp\/v2\/posts?tags=19086"}],"curies":[{"name":"wp","href":"https:\/\/api.w.org\/{rel}","templated":true}]}}